{"id":6922,"date":"2023-05-04T00:10:19","date_gmt":"2023-05-04T04:10:19","guid":{"rendered":"https:\/\/climateengagement.ca\/?p=6922"},"modified":"2024-08-01T12:34:37","modified_gmt":"2024-08-01T16:34:37","slug":"engagement-climatique-canada-publie-un-indice-de-reference-pour-favoriser-la-transition-vers-latteinte-de-zero-emission-nette-parmi-les-principales-entreprises-canadiennes-emettrices-de-gaz-a","status":"publish","type":"post","link":"https:\/\/climateengagement.ca\/fr\/engagement-climatique-canada-publie-un-indice-de-reference-pour-favoriser-la-transition-vers-latteinte-de-zero-emission-nette-parmi-les-principales-entreprises-canadiennes-emettrices-de-gaz-a\/","title":{"rendered":"Engagement climatique Canada publie un indice de r\u00e9f\u00e9rence pour favoriser la transition vers l\u2019atteinte de z\u00e9ro \u00e9mission nette parmi les principales entreprises canadiennes \u00e9mettrices de gaz \u00e0 effet de serre"},"content":{"rendered":"\t\t<div data-elementor-type=\"wp-post\" data-elementor-id=\"6922\" class=\"elementor elementor-6922 elementor-6908\" data-elementor-post-type=\"post\">\n\t\t\t\t\t\t<section class=\"elementor-section elementor-top-section elementor-element elementor-element-48c7670 elementor-section-boxed elementor-section-height-default elementor-section-height-default\" data-id=\"48c7670\" data-element_type=\"section\" data-e-type=\"section\" data-settings=\"{&quot;jet_parallax_layout_list&quot;:[]}\">\n\t\t\t\t\t\t<div class=\"elementor-container elementor-column-gap-default\">\n\t\t\t\t\t<div class=\"elementor-column elementor-col-100 elementor-top-column elementor-element elementor-element-42e98a5\" data-id=\"42e98a5\" data-element_type=\"column\" data-e-type=\"column\">\n\t\t\t<div class=\"elementor-widget-wrap elementor-element-populated\">\n\t\t\t\t\t\t<div class=\"elementor-element elementor-element-0c0b1b5 elementor-widget elementor-widget-text-editor\" data-id=\"0c0b1b5\" data-element_type=\"widget\" data-e-type=\"widget\" data-widget_type=\"text-editor.default\">\n\t\t\t\t<div class=\"elementor-widget-container\">\n\t\t\t\t\t\t\t\t\t<p><em>L\u2019Indice de r\u00e9f\u00e9rence net z\u00e9ro d\u2019Engagement climatique Canada \u00e9valuera les soci\u00e9t\u00e9s \u00e9mettrices canadiennes sur leurs progr\u00e8s par rapport aux objectifs climatiques, favorisant ainsi leur alignement sur l\u2019Accord de Paris.<\/em><\/p>\t\t\t\t\t\t\t\t<\/div>\n\t\t\t\t<\/div>\n\t\t\t\t\t<\/div>\n\t\t<\/div>\n\t\t\t\t\t<\/div>\n\t\t<\/section>\n\t\t\t\t<section class=\"elementor-section elementor-top-section elementor-element elementor-element-274fb88 elementor-section-boxed elementor-section-height-default elementor-section-height-default\" data-id=\"274fb88\" data-element_type=\"section\" data-e-type=\"section\" data-settings=\"{&quot;jet_parallax_layout_list&quot;:[]}\">\n\t\t\t\t\t\t<div class=\"elementor-container elementor-column-gap-default\">\n\t\t\t\t\t<div class=\"elementor-column elementor-col-100 elementor-top-column elementor-element elementor-element-773624f\" data-id=\"773624f\" data-element_type=\"column\" data-e-type=\"column\">\n\t\t\t<div class=\"elementor-widget-wrap elementor-element-populated\">\n\t\t\t\t\t\t<div class=\"elementor-element elementor-element-3afbc4d elementor-widget elementor-widget-text-editor\" data-id=\"3afbc4d\" data-element_type=\"widget\" data-e-type=\"widget\" data-widget_type=\"text-editor.default\">\n\t\t\t\t<div class=\"elementor-widget-container\">\n\t\t\t\t\t\t\t\t\t<p>TORONTO | Territoires traditionnels des Mississaugas of the Credit, des Anishinaabeg, des Haudenosaunee et des Hurons-Wendat \u2014 Engagement climatique Canada (ECC), une initiative d\u2019engagement collaboratif men\u00e9e par des investisseurs, a annonc\u00e9 ses <a href=\"https:\/\/climateengagement.ca\/fr\/indice-de-reference-net-zero-engagement-climatique-canada\/\"><strong>indicateurs de r\u00e9f\u00e9rence pour le concept de z\u00e9ro \u00e9mission nette.<\/strong><\/a> L\u2019indice de r\u00e9f\u00e9rence servira d\u2019outil pour soutenir la \u00ab&nbsp;transition juste&nbsp;\u00bb des entreprises \u00e9mettrices du Canada vers une \u00e9conomie \u00e0 z\u00e9ro \u00e9mission nette en normalisant les attentes de la communaut\u00e9 financi\u00e8re.<\/p>\t\t\t\t\t\t\t\t<\/div>\n\t\t\t\t<\/div>\n\t\t\t\t\t<\/div>\n\t\t<\/div>\n\t\t\t\t\t<\/div>\n\t\t<\/section>\n\t\t\t\t<section class=\"elementor-section elementor-top-section elementor-element elementor-element-8721815 elementor-section-boxed elementor-section-height-default elementor-section-height-default\" data-id=\"8721815\" data-element_type=\"section\" data-e-type=\"section\" data-settings=\"{&quot;jet_parallax_layout_list&quot;:[]}\">\n\t\t\t\t\t\t<div class=\"elementor-container elementor-column-gap-default\">\n\t\t\t\t\t<div class=\"elementor-column elementor-col-100 elementor-top-column elementor-element elementor-element-d009868\" data-id=\"d009868\" data-element_type=\"column\" data-e-type=\"column\">\n\t\t\t<div class=\"elementor-widget-wrap elementor-element-populated\">\n\t\t\t\t\t\t<div class=\"elementor-element elementor-element-f1f59d4 elementor-widget elementor-widget-text-editor\" data-id=\"f1f59d4\" data-element_type=\"widget\" data-e-type=\"widget\" data-widget_type=\"text-editor.default\">\n\t\t\t\t<div class=\"elementor-widget-container\">\n\t\t\t\t\t\t\t\t\t<p>L\u2019Indice de r\u00e9f\u00e9rence net z\u00e9ro d\u2019ECC fournit un ensemble de normes communes permettant aux investisseurs d\u2019\u00e9valuer les progr\u00e8s r\u00e9alis\u00e9s par les entreprises \u00e9mettrices pour s\u2019aligner sur l\u2019ambition de l\u2019Accord de Paris\u00a0: limiter le r\u00e9chauffement climatique \u00e0 bien moins de 2\u00a0\u00b0C, tout en poursuivant les efforts visant \u00e0 limiter l\u2019augmentation de la temp\u00e9rature globale \u00e0 1,5\u00a0\u00b0C. L\u2019Indice de r\u00e9f\u00e9rence permet aux investisseurs participants d\u2019ECC d\u2019encadrer, et bient\u00f4t de mesurer, leurs engagements avec les principaux \u00e9metteurs du Canada, y compris les entreprises \u00e9mettrices. Gr\u00e2ce \u00e0 ce cadre, les investisseurs participants peuvent identifier les domaines \u00e0 aborder avec les entreprises de la <a href=\"https:\/\/climateengagement.ca\/fr\/liste-des-priorites-des-entreprises\/\"><strong>Liste des priorit\u00e9s d\u2019ECC<\/strong><\/a> et les domaines \u00e0 am\u00e9liorer dans le cadre de leur transition vers une \u00e9conomie \u00e0 z\u00e9ro \u00e9mission nette.<\/p>\n\t\t\t\t\t\t\t\t<\/div>\n\t\t\t\t<\/div>\n\t\t\t\t\t<\/div>\n\t\t<\/div>\n\t\t\t\t\t<\/div>\n\t\t<\/section>\n\t\t\t\t<section class=\"elementor-section elementor-top-section elementor-element elementor-element-e861e1c elementor-section-boxed elementor-section-height-default elementor-section-height-default\" data-id=\"e861e1c\" data-element_type=\"section\" data-e-type=\"section\" data-settings=\"{&quot;jet_parallax_layout_list&quot;:[]}\">\n\t\t\t\t\t\t<div class=\"elementor-container elementor-column-gap-default\">\n\t\t\t\t\t<div class=\"elementor-column elementor-col-100 elementor-top-column elementor-element elementor-element-6d913a7\" data-id=\"6d913a7\" data-element_type=\"column\" data-e-type=\"column\">\n\t\t\t<div class=\"elementor-widget-wrap elementor-element-populated\">\n\t\t\t\t\t\t<div class=\"elementor-element elementor-element-ccf20ca elementor-widget elementor-widget-text-editor\" data-id=\"ccf20ca\" data-element_type=\"widget\" data-e-type=\"widget\" data-widget_type=\"text-editor.default\">\n\t\t\t\t<div class=\"elementor-widget-container\">\n\t\t\t\t\t\t\t\t\t<p>\u00ab\u00a0Avec l\u2019Indice de r\u00e9f\u00e9rence net z\u00e9ro, ECC continue de repousser les normes en mati\u00e8re d\u2019engagement collaboratif des parties prenantes. L\u2019Indice de r\u00e9f\u00e9rence fournira aux investisseurs participants une vue collective des d\u00e9veloppements et des th\u00e8mes cl\u00e9s de l\u2019engagement dans le contexte canadien, ce qui contribuera \u00e0 un dialogue cibl\u00e9 et coh\u00e9rent entre les entreprises et les investisseurs canadiens, a d\u00e9clar\u00e9 Barbara Zvan, chef de la direction d\u2019UPP et pr\u00e9sidente du comit\u00e9 de direction d\u2019ECC. Il s\u2019agit d\u2019un outil indispensable sur la voie d\u2019une \u00e9conomie \u00e0 z\u00e9ro \u00e9mission nette.\u00a0\u00bb<\/p>\n\t\t\t\t\t\t\t\t<\/div>\n\t\t\t\t<\/div>\n\t\t\t\t\t<\/div>\n\t\t<\/div>\n\t\t\t\t\t<\/div>\n\t\t<\/section>\n\t\t\t\t<section class=\"elementor-section elementor-top-section elementor-element elementor-element-4cfc8b6 elementor-section-boxed elementor-section-height-default elementor-section-height-default\" data-id=\"4cfc8b6\" data-element_type=\"section\" data-e-type=\"section\" data-settings=\"{&quot;jet_parallax_layout_list&quot;:[]}\">\n\t\t\t\t\t\t<div class=\"elementor-container elementor-column-gap-default\">\n\t\t\t\t\t<div class=\"elementor-column elementor-col-100 elementor-top-column elementor-element elementor-element-ae105e8\" data-id=\"ae105e8\" data-element_type=\"column\" data-e-type=\"column\">\n\t\t\t<div class=\"elementor-widget-wrap elementor-element-populated\">\n\t\t\t\t\t\t<div class=\"elementor-element elementor-element-3e14ddb elementor-widget elementor-widget-text-editor\" data-id=\"3e14ddb\" data-element_type=\"widget\" data-e-type=\"widget\" data-widget_type=\"text-editor.default\">\n\t\t\t\t<div class=\"elementor-widget-container\">\n\t\t\t\t\t\t\t\t\t<p>\u00ab\u00a0Consid\u00e9rez cela comme le Google Maps pour la transition climatique canadienne, a d\u00e9clar\u00e9 Kevin Thomas, chef de la direction de SHARE. C\u2019est en suivant rigoureusement nos progr\u00e8s collectifs tout au long de ce parcours que nous nous assurons de tous arriver \u00e0 destination. Cela nous permet de rester honn\u00eates et efficaces.\u00a0\u00bb<\/p>\n\t\t\t\t\t\t\t\t<\/div>\n\t\t\t\t<\/div>\n\t\t\t\t\t<\/div>\n\t\t<\/div>\n\t\t\t\t\t<\/div>\n\t\t<\/section>\n\t\t\t\t<section class=\"elementor-section elementor-top-section elementor-element elementor-element-30113ef elementor-section-boxed elementor-section-height-default elementor-section-height-default\" data-id=\"30113ef\" data-element_type=\"section\" data-e-type=\"section\" data-settings=\"{&quot;jet_parallax_layout_list&quot;:[]}\">\n\t\t\t\t\t\t<div class=\"elementor-container elementor-column-gap-default\">\n\t\t\t\t\t<div class=\"elementor-column elementor-col-100 elementor-top-column elementor-element elementor-element-644d8a6\" data-id=\"644d8a6\" data-element_type=\"column\" data-e-type=\"column\">\n\t\t\t<div class=\"elementor-widget-wrap elementor-element-populated\">\n\t\t\t\t\t\t<div class=\"elementor-element elementor-element-c126e52 elementor-widget elementor-widget-text-editor\" data-id=\"c126e52\" data-element_type=\"widget\" data-e-type=\"widget\" data-widget_type=\"text-editor.default\">\n\t\t\t\t<div class=\"elementor-widget-container\">\n\t\t\t\t\t\t\t\t\t<p>\u00ab\u00a0La trajectoire climatique actuelle pr\u00e9sente un risque syst\u00e9mique pour les portefeuilles d\u2019investissement et les rendements \u00e0 long terme pour les b\u00e9n\u00e9ficiaires des fonds de pension. Les investisseurs renforcent leur engagement aupr\u00e8s des entreprises et demandent aux soci\u00e9t\u00e9s dans lesquelles ils investissent de prendre des mesures \u00e0 court terme, affirme Karen Lockridge, directrice des investissements ESG au R\u00e9gime de retraite de Postes Canada, et pr\u00e9sidente du comit\u00e9 technique d\u2019ECC. L\u2019Indice de r\u00e9f\u00e9rence net z\u00e9ro d\u2019ECC permettra aux entreprises de comprendre les attentes des investisseurs. Il guidera la transparence autour de strat\u00e9gies cr\u00e9dibles d\u2019\u00e9missions nettes nulles et pourra soutenir un dialogue constructif entre les entreprises et les investisseurs.\u00a0\u00bb<\/p>\n\t\t\t\t\t\t\t\t<\/div>\n\t\t\t\t<\/div>\n\t\t\t\t\t<\/div>\n\t\t<\/div>\n\t\t\t\t\t<\/div>\n\t\t<\/section>\n\t\t\t\t<section class=\"elementor-section elementor-top-section elementor-element elementor-element-c3be650 elementor-section-boxed elementor-section-height-default elementor-section-height-default\" data-id=\"c3be650\" data-element_type=\"section\" data-e-type=\"section\" data-settings=\"{&quot;jet_parallax_layout_list&quot;:[]}\">\n\t\t\t\t\t\t<div class=\"elementor-container elementor-column-gap-default\">\n\t\t\t\t\t<div class=\"elementor-column elementor-col-100 elementor-top-column elementor-element elementor-element-4d231fc\" data-id=\"4d231fc\" data-element_type=\"column\" data-e-type=\"column\">\n\t\t\t<div class=\"elementor-widget-wrap elementor-element-populated\">\n\t\t\t\t\t\t<div class=\"elementor-element elementor-element-2b93a74 elementor-widget elementor-widget-text-editor\" data-id=\"2b93a74\" data-element_type=\"widget\" data-e-type=\"widget\" data-widget_type=\"text-editor.default\">\n\t\t\t\t<div class=\"elementor-widget-container\">\n\t\t\t\t\t\t\t\t\t<p>\u00ab\u00a0L\u2019Indice de r\u00e9f\u00e9rence net z\u00e9ro d\u2019ECC est une \u00e9tape cruciale sur la voie d\u2019une \u00e9conomie \u00e0 z\u00e9ro \u00e9mission nette au Canada, car il fournit aux entreprises \u00e9mettrices un cadre clair et coh\u00e9rent pour identifier les possibilit\u00e9s d\u2019action en mati\u00e8re de climat, a d\u00e9clar\u00e9 Patricia Fletcher, chef de la direction de l\u2019Association pour l\u2019investissement responsable (AIR). L\u2019Indice de r\u00e9f\u00e9rence servira de base aux conversations entre les investisseurs et les grandes entreprises \u00e9mettrices pour mesurer et faire progresser la d\u00e9carbonisation dans les secteurs cl\u00e9s de l\u2019\u00e9conomie canadienne.\u00a0\u00bb<\/p>\n\t\t\t\t\t\t\t\t<\/div>\n\t\t\t\t<\/div>\n\t\t\t\t\t<\/div>\n\t\t<\/div>\n\t\t\t\t\t<\/div>\n\t\t<\/section>\n\t\t\t\t<section class=\"elementor-section elementor-top-section elementor-element elementor-element-c561221 elementor-section-boxed elementor-section-height-default elementor-section-height-default\" data-id=\"c561221\" data-element_type=\"section\" data-e-type=\"section\" data-settings=\"{&quot;jet_parallax_layout_list&quot;:[]}\">\n\t\t\t\t\t\t<div class=\"elementor-container elementor-column-gap-default\">\n\t\t\t\t\t<div class=\"elementor-column elementor-col-100 elementor-top-column elementor-element elementor-element-975f20c\" data-id=\"975f20c\" data-element_type=\"column\" data-e-type=\"column\">\n\t\t\t<div class=\"elementor-widget-wrap elementor-element-populated\">\n\t\t\t\t\t\t<div class=\"elementor-element elementor-element-2b24b6f elementor-widget elementor-widget-text-editor\" data-id=\"2b24b6f\" data-element_type=\"widget\" data-e-type=\"widget\" data-widget_type=\"text-editor.default\">\n\t\t\t\t<div class=\"elementor-widget-container\">\n\t\t\t\t\t\t\t\t\t<p>\u00ab\u00a0En tant que signataire fondateur de l\u2019initiative ECC et fiduciaire des actifs de ses clients, RBC Gestion mondiale d\u2019actifs reconna\u00eet l\u2019importance de l\u2019objectif mondial d\u2019atteindre des \u00e9missions nettes nulles d\u2019ici 2050 ou avant afin d\u2019att\u00e9nuer les risques li\u00e9s au climat, a d\u00e9clar\u00e9 Maia Becker, directrice g\u00e9n\u00e9rale principale, gouvernance et investissement responsable, RBC Gestion mondiale d\u2019actifs, et vice-pr\u00e9sidente du comit\u00e9 technique d\u2019ECC. Nous pensons que l\u2019Indice de r\u00e9f\u00e9rence net z\u00e9ro d\u2019ECC constituera un outil important pour les investisseurs afin de faire progresser le dialogue et de d\u00e9velopper un cadre coh\u00e9rent lorsqu\u2019ils s\u2019engagent avec les entreprises canadiennes \u00e9mettrices sur les actions qu\u2019elles entreprennent pour lutter contre le changement climatique.\u00a0\u00bb<\/p>\n\t\t\t\t\t\t\t\t<\/div>\n\t\t\t\t<\/div>\n\t\t\t\t\t<\/div>\n\t\t<\/div>\n\t\t\t\t\t<\/div>\n\t\t<\/section>\n\t\t\t\t<section class=\"elementor-section elementor-top-section elementor-element elementor-element-6e878f8 elementor-section-boxed elementor-section-height-default elementor-section-height-default\" data-id=\"6e878f8\" data-element_type=\"section\" data-e-type=\"section\" data-settings=\"{&quot;jet_parallax_layout_list&quot;:[]}\">\n\t\t\t\t\t\t<div class=\"elementor-container elementor-column-gap-default\">\n\t\t\t\t\t<div class=\"elementor-column elementor-col-100 elementor-top-column elementor-element elementor-element-9fa9093\" data-id=\"9fa9093\" data-element_type=\"column\" data-e-type=\"column\">\n\t\t\t<div class=\"elementor-widget-wrap elementor-element-populated\">\n\t\t\t\t\t\t<div class=\"elementor-element elementor-element-343be78 elementor-widget elementor-widget-text-editor\" data-id=\"343be78\" data-element_type=\"widget\" data-e-type=\"widget\" data-widget_type=\"text-editor.default\">\n\t\t\t\t<div class=\"elementor-widget-container\">\n\t\t\t\t\t\t\t\t\t<p>L\u2019Indice de r\u00e9f\u00e9rence net z\u00e9ro d\u2019ECC est \u00e9troitement align\u00e9 sur l\u2019Indice de r\u00e9f\u00e9rence \u00e9labor\u00e9 par Climate Action 100+, la norme mondiale actuelle en mati\u00e8re d\u2019engagement collaboratif des actionnaires. L\u2019Indice de r\u00e9f\u00e9rence net z\u00e9ro d\u2019ECC suit cet exemple tout en ajoutant un contexte suppl\u00e9mentaire sp\u00e9cifique \u00e0 l\u2019\u00e9conomie unique du Canada, d\u00e9velopp\u00e9 gr\u00e2ce \u00e0 l\u2019expertise du comit\u00e9 technique d\u2019ECC et de SHARE. Il a \u00e9t\u00e9 affin\u00e9 en int\u00e9grant les commentaires issus d\u2019une p\u00e9riode de consultation publique, \u00e0 laquelle ont particip\u00e9 les investisseurs participants d\u2019ECC, dont certains des plus grands gestionnaires d\u2019actifs et propri\u00e9taires d\u2019actifs du Canada, de m\u00eame que des ONG et des repr\u00e9sentants autochtones.<\/p>\n\t\t\t\t\t\t\t\t<\/div>\n\t\t\t\t<\/div>\n\t\t\t\t\t<\/div>\n\t\t<\/div>\n\t\t\t\t\t<\/div>\n\t\t<\/section>\n\t\t\t\t<section class=\"elementor-section elementor-top-section elementor-element elementor-element-748adaa elementor-section-boxed elementor-section-height-default elementor-section-height-default\" data-id=\"748adaa\" data-element_type=\"section\" data-e-type=\"section\" data-settings=\"{&quot;jet_parallax_layout_list&quot;:[]}\">\n\t\t\t\t\t\t<div class=\"elementor-container elementor-column-gap-default\">\n\t\t\t\t\t<div class=\"elementor-column elementor-col-100 elementor-top-column elementor-element elementor-element-49417e5\" data-id=\"49417e5\" data-element_type=\"column\" data-e-type=\"column\">\n\t\t\t<div class=\"elementor-widget-wrap elementor-element-populated\">\n\t\t\t\t\t\t<div class=\"elementor-element elementor-element-bc692f0 elementor-widget elementor-widget-text-editor\" data-id=\"bc692f0\" data-element_type=\"widget\" data-e-type=\"widget\" data-widget_type=\"text-editor.default\">\n\t\t\t\t<div class=\"elementor-widget-container\">\n\t\t\t\t\t\t\t\t\t<p>L\u2019Indice de r\u00e9f\u00e9rence net z\u00e9ro d\u2019ECC arrive \u00e0 un moment o\u00f9 divers outils sont en cours d\u2019\u00e9laboration \u00e0 l\u2019intention des investisseurs canadiens, comme le rapport sur la feuille de route de la taxonomie r\u00e9cemment annonc\u00e9 par le Sustainable Finance Action Council (Conseil d\u2019action en mati\u00e8re de finance durable). L\u2019indice de r\u00e9f\u00e9rence, lorsqu\u2019il sera utilis\u00e9 avec la taxonomie, fournira une approche normalis\u00e9e pour mesurer la performance des entreprises par rapport aux objectifs climatiques et permettra aux investisseurs de classer leurs \u00e9valuations des entreprises \u00e9mettrices par cat\u00e9gories.<\/p>\n\t\t\t\t\t\t\t\t<\/div>\n\t\t\t\t<\/div>\n\t\t\t\t\t<\/div>\n\t\t<\/div>\n\t\t\t\t\t<\/div>\n\t\t<\/section>\n\t\t\t\t<section class=\"elementor-section elementor-top-section elementor-element elementor-element-29262ae elementor-section-boxed elementor-section-height-default elementor-section-height-default\" data-id=\"29262ae\" data-element_type=\"section\" data-e-type=\"section\" data-settings=\"{&quot;jet_parallax_layout_list&quot;:[]}\">\n\t\t\t\t\t\t<div class=\"elementor-container elementor-column-gap-default\">\n\t\t\t\t\t<div class=\"elementor-column elementor-col-100 elementor-top-column elementor-element elementor-element-fe16b46\" data-id=\"fe16b46\" data-element_type=\"column\" data-e-type=\"column\">\n\t\t\t<div class=\"elementor-widget-wrap elementor-element-populated\">\n\t\t\t\t\t\t<div class=\"elementor-element elementor-element-9eb87a9 elementor-widget elementor-widget-text-editor\" data-id=\"9eb87a9\" data-element_type=\"widget\" data-e-type=\"widget\" data-widget_type=\"text-editor.default\">\n\t\t\t\t<div class=\"elementor-widget-container\">\n\t\t\t\t\t\t\t\t\t<p>\u00c0 l\u2019automne, les investisseurs peuvent s\u2019attendre \u00e0 voir des \u00e9valuations de toutes les entreprises de la Liste des priorit\u00e9s d\u2019ECC bas\u00e9e sur l\u2019Indice de r\u00e9f\u00e9rence net z\u00e9ro d\u2019ECC, mettant en \u00e9vidence les points forts et les points \u00e0 am\u00e9liorer. Cela aidera \u00e0 d\u00e9finir les objectifs des futurs engagements climatiques.<\/p>\n\t\t\t\t\t\t\t\t<\/div>\n\t\t\t\t<\/div>\n\t\t\t\t\t<\/div>\n\t\t<\/div>\n\t\t\t\t\t<\/div>\n\t\t<\/section>\n\t\t\t\t<section class=\"elementor-section elementor-top-section elementor-element elementor-element-cdb8715 elementor-section-boxed elementor-section-height-default elementor-section-height-default\" data-id=\"cdb8715\" data-element_type=\"section\" data-e-type=\"section\" data-settings=\"{&quot;jet_parallax_layout_list&quot;:[]}\">\n\t\t\t\t\t\t<div class=\"elementor-container elementor-column-gap-default\">\n\t\t\t\t\t<div class=\"elementor-column elementor-col-100 elementor-top-column elementor-element elementor-element-66170ea\" data-id=\"66170ea\" data-element_type=\"column\" data-e-type=\"column\">\n\t\t\t<div class=\"elementor-widget-wrap elementor-element-populated\">\n\t\t\t\t\t\t<div class=\"elementor-element elementor-element-6bb8198 elementor-widget elementor-widget-text-editor\" data-id=\"6bb8198\" data-element_type=\"widget\" data-e-type=\"widget\" data-widget_type=\"text-editor.default\">\n\t\t\t\t<div class=\"elementor-widget-container\">\n\t\t\t\t\t\t\t\t\t<p><strong>\u00c0 propos d\u2019Engagement climatique Canada (ECC)<\/strong><\/p>\n<p>Engagement climatique Canada (ECC) est une initiative dirig\u00e9e par la communaut\u00e9 financi\u00e8re qui favorise le dialogue entre la communaut\u00e9 financi\u00e8re et les soci\u00e9t\u00e9s \u00e9mettrices afin de promouvoir la transition juste vers une \u00e9conomie nette z\u00e9ro au b\u00e9n\u00e9fice des investisseurs, des soci\u00e9t\u00e9s, des employ\u00e9s et des consommateurs. ECC est coordonn\u00e9e par son secr\u00e9tariat conjoint\u00a0: l\u2019Association pour l\u2019investissement responsable (AIR) et l\u2019Association des actionnaires pour la recherche et l\u2019\u00e9ducation (SHARE). L\u2019initiative est \u00e9galement soutenue par des r\u00e9seaux d\u2019investisseurs internationaux, soit les Principes pour l\u2019investissement responsable soutenus par l\u2019ONU (UNPRI) et Ceres.<\/p>\n\t\t\t\t\t\t\t\t<\/div>\n\t\t\t\t<\/div>\n\t\t\t\t\t<\/div>\n\t\t<\/div>\n\t\t\t\t\t<\/div>\n\t\t<\/section>\n\t\t\t\t<section class=\"elementor-section elementor-top-section elementor-element elementor-element-0a7d731 elementor-section-boxed elementor-section-height-default elementor-section-height-default\" data-id=\"0a7d731\" data-element_type=\"section\" data-e-type=\"section\" data-settings=\"{&quot;jet_parallax_layout_list&quot;:[]}\">\n\t\t\t\t\t\t<div class=\"elementor-container elementor-column-gap-default\">\n\t\t\t\t\t<div class=\"elementor-column elementor-col-100 elementor-top-column elementor-element elementor-element-e116420\" data-id=\"e116420\" data-element_type=\"column\" data-e-type=\"column\">\n\t\t\t<div class=\"elementor-widget-wrap elementor-element-populated\">\n\t\t\t\t\t\t<div class=\"elementor-element elementor-element-3c2ec1a elementor-widget elementor-widget-text-editor\" data-id=\"3c2ec1a\" data-element_type=\"widget\" data-e-type=\"widget\" data-widget_type=\"text-editor.default\">\n\t\t\t\t<div class=\"elementor-widget-container\">\n\t\t\t\t\t\t\t\t\t<p><strong>Demandes de renseignements des m\u00e9dias<\/strong><\/p>\n<p>Karishma Porwal<br \/>\nSp\u00e9cialiste des communications, Engagement climatique Canada<br \/>\n<a href=\"mailto:karishma@riacanada.ca\">karishma@riacanada.ca<\/a><br \/>\n416-461-6042 poste\u00a019<\/p>\n\t\t\t\t\t\t\t\t<\/div>\n\t\t\t\t<\/div>\n\t\t\t\t\t<\/div>\n\t\t<\/div>\n\t\t\t\t\t<\/div>\n\t\t<\/section>\n\t\t\t\t<\/div>\n\t\t","protected":false},"excerpt":{"rendered":"<p>L\u2019Indice de r\u00e9f\u00e9rence net z\u00e9ro d\u2019Engagement climatique Canada \u00e9valuera les soci\u00e9t\u00e9s \u00e9mettrices canadiennes sur leurs progr\u00e8s par rapport aux objectifs climatiques, favorisant ainsi leur alignement sur l\u2019Accord de Paris. TORONTO | Territoires traditionnels des Mississaugas of the Credit, des Anishinaabeg, des Haudenosaunee et des Hurons-Wendat \u2014 Engagement climatique Canada (ECC), une initiative d\u2019engagement collaboratif men\u00e9e [&hellip;]<\/p>\n","protected":false},"author":1,"featured_media":6939,"comment_status":"closed","ping_status":"closed","sticky":false,"template":"","format":"standard","meta":{"inline_featured_image":false,"site-sidebar-layout":"default","site-content-layout":"","ast-site-content-layout":"default","site-content-style":"default","site-sidebar-style":"default","ast-global-header-display":"","ast-banner-title-visibility":"","ast-main-header-display":"","ast-hfb-above-header-display":"","ast-hfb-below-header-display":"","ast-hfb-mobile-header-display":"","site-post-title":"","ast-breadcrumbs-content":"","ast-featured-img":"","footer-sml-layout":"","ast-disable-related-posts":"","theme-transparent-header-meta":"","adv-header-id-meta":"","stick-header-meta":"","header-above-stick-meta":"","header-main-stick-meta":"","header-below-stick-meta":"","astra-migrate-meta-layouts":"set","ast-page-background-enabled":"default","ast-page-background-meta":{"desktop":{"background-color":"","background-image":"","background-repeat":"repeat","background-position":"center center","background-size":"auto","background-attachment":"scroll","background-type":"","background-media":"","overlay-type":"","overlay-color":"","overlay-opacity":"","overlay-gradient":""},"tablet":{"background-color":"","background-image":"","background-repeat":"repeat","background-position":"center center","background-size":"auto","background-attachment":"scroll","background-type":"","background-media":"","overlay-type":"","overlay-color":"","overlay-opacity":"","overlay-gradient":""},"mobile":{"background-color":"","background-image":"","background-repeat":"repeat","background-position":"center center","background-size":"auto","background-attachment":"scroll","background-type":"","background-media":"","overlay-type":"","overlay-color":"","overlay-opacity":"","overlay-gradient":""}},"ast-content-background-meta":{"desktop":{"background-color":"var(--ast-global-color-5)","background-image":"","background-repeat":"repeat","background-position":"center center","background-size":"auto","background-attachment":"scroll","background-type":"","background-media":"","overlay-type":"","overlay-color":"","overlay-opacity":"","overlay-gradient":""},"tablet":{"background-color":"var(--ast-global-color-5)","background-image":"","background-repeat":"repeat","background-position":"center center","background-size":"auto","background-attachment":"scroll","background-type":"","background-media":"","overlay-type":"","overlay-color":"","overlay-opacity":"","overlay-gradient":""},"mobile":{"background-color":"var(--ast-global-color-5)","background-image":"","background-repeat":"repeat","background-position":"center center","background-size":"auto","background-attachment":"scroll","background-type":"","background-media":"","overlay-type":"","overlay-color":"","overlay-opacity":"","overlay-gradient":""}},"footnotes":""},"categories":[9,1],"tags":[],"class_list":["post-6922","post","type-post","status-publish","format-standard","has-post-thumbnail","hentry","category-non-classifiee","category-uncategorized"],"_links":{"self":[{"href":"https:\/\/climateengagement.ca\/fr\/wp-json\/wp\/v2\/posts\/6922","targetHints":{"allow":["GET"]}}],"collection":[{"href":"https:\/\/climateengagement.ca\/fr\/wp-json\/wp\/v2\/posts"}],"about":[{"href":"https:\/\/climateengagement.ca\/fr\/wp-json\/wp\/v2\/types\/post"}],"author":[{"embeddable":true,"href":"https:\/\/climateengagement.ca\/fr\/wp-json\/wp\/v2\/users\/1"}],"replies":[{"embeddable":true,"href":"https:\/\/climateengagement.ca\/fr\/wp-json\/wp\/v2\/comments?post=6922"}],"version-history":[{"count":0,"href":"https:\/\/climateengagement.ca\/fr\/wp-json\/wp\/v2\/posts\/6922\/revisions"}],"wp:featuredmedia":[{"embeddable":true,"href":"https:\/\/climateengagement.ca\/fr\/wp-json\/wp\/v2\/media\/6939"}],"wp:attachment":[{"href":"https:\/\/climateengagement.ca\/fr\/wp-json\/wp\/v2\/media?parent=6922"}],"wp:term":[{"taxonomy":"category","embeddable":true,"href":"https:\/\/climateengagement.ca\/fr\/wp-json\/wp\/v2\/categories?post=6922"},{"taxonomy":"post_tag","embeddable":true,"href":"https:\/\/climateengagement.ca\/fr\/wp-json\/wp\/v2\/tags?post=6922"}],"curies":[{"name":"wp","href":"https:\/\/api.w.org\/{rel}","templated":true}]}}